{"id":31857,"date":"2026-04-09T05:48:09","date_gmt":"2026-04-09T05:48:09","guid":{"rendered":"https:\/\/modusportal.ba\/mojevijesti\/2026\/04\/09\/fantastican-dan-za-bih-sad-pozdravlja-usvajanje-izmjena-zakona-o-juznoj-interkonekciji\/"},"modified":"2026-04-09T05:48:09","modified_gmt":"2026-04-09T05:48:09","slug":"fantastican-dan-za-bih-sad-pozdravlja-usvajanje-izmjena-zakona-o-juznoj-interkonekciji","status":"publish","type":"post","link":"https:\/\/modusportal.ba\/mojevijesti\/2026\/04\/09\/fantastican-dan-za-bih-sad-pozdravlja-usvajanje-izmjena-zakona-o-juznoj-interkonekciji\/","title":{"rendered":"\u201cFantasti\u010dan dan za BiH\u201d: SAD pozdravlja usvajanje izmjena zakona o Ju\u017enoj interkonekciji"},"content":{"rendered":"<p><\/p>\n<p><img loading=\"lazy\" decoding=\"async\" loading=\"lazy\" width=\"1024\" height=\"538\" src=\"https:\/\/cdn.fokus.ba\/wp-content\/uploads\/2024\/08\/ambasada-SAD-w-1024x538.webp\" class=\"attachment-large size-large wp-post-image\" alt=\"ambasada SAD u BiH\"><\/p>\n<p>Iz Ambasade SAD-a isti\u010du da saradnja na projektu Ju\u017ene interkonekcije ja\u010da bilateralne odnose izme\u0111u dvije zemlje<\/p>\n<p><a href=\"https:\/\/www.fokus.ba\/vijesti\/bih\/fantastican-dan-za-bih-sad-pozdravlja-usvajanje-izmjena-zakona-o-juznoj-interkonekciji\/3540381\/\">Fokus.ba <\/a><\/p>\n","protected":false},"excerpt":{"rendered":"<p>Iz Ambasade SAD-a isti\u010du da saradnja na projektu Ju\u017ene interkonekcije ja\u010da bilateralne odnose izme\u0111u dvije zemlje Fokus.ba<\/p>\n","protected":false},"author":1,"featured_media":31858,"comment_status":"open","ping_status":"open","sticky":false,"template":"","format":"standard","meta":{"_siteseo_robots_primary_cat":"","footnotes":""},"categories":[],"tags":[],"class_list":["post-31857","post","type-post","status-publish","format-standard","has-post-thumbnail"],"_links":{"self":[{"href":"https:\/\/modusportal.ba\/mojevijesti\/wp-json\/wp\/v2\/posts\/31857","targetHints":{"allow":["GET"]}}],"collection":[{"href":"https:\/\/modusportal.ba\/mojevijesti\/wp-json\/wp\/v2\/posts"}],"about":[{"href":"https:\/\/modusportal.ba\/mojevijesti\/wp-json\/wp\/v2\/types\/post"}],"author":[{"embeddable":true,"href":"https:\/\/modusportal.ba\/mojevijesti\/wp-json\/wp\/v2\/users\/1"}],"replies":[{"embeddable":true,"href":"https:\/\/modusportal.ba\/mojevijesti\/wp-json\/wp\/v2\/comments?post=31857"}],"version-history":[{"count":0,"href":"https:\/\/modusportal.ba\/mojevijesti\/wp-json\/wp\/v2\/posts\/31857\/revisions"}],"wp:featuredmedia":[{"embeddable":true,"href":"https:\/\/modusportal.ba\/mojevijesti\/wp-json\/wp\/v2\/media\/31858"}],"wp:attachment":[{"href":"https:\/\/modusportal.ba\/mojevijesti\/wp-json\/wp\/v2\/media?parent=31857"}],"wp:term":[{"taxonomy":"category","embeddable":true,"href":"https:\/\/modusportal.ba\/mojevijesti\/wp-json\/wp\/v2\/categories?post=31857"},{"taxonomy":"post_tag","embeddable":true,"href":"https:\/\/modusportal.ba\/mojevijesti\/wp-json\/wp\/v2\/tags?post=31857"}],"curies":[{"name":"wp","href":"https:\/\/api.w.org\/{rel}","templated":true}]}}