{"id":31867,"date":"2026-04-10T13:30:53","date_gmt":"2026-04-10T13:30:53","guid":{"rendered":"https:\/\/modusportal.ba\/mojevijesti\/2026\/04\/10\/postoji-curenje-informacija-iznutra-sprijeceno-uklanjanje-murala-praljku-u-mostaru\/"},"modified":"2026-04-10T13:30:53","modified_gmt":"2026-04-10T13:30:53","slug":"postoji-curenje-informacija-iznutra-sprijeceno-uklanjanje-murala-praljku-u-mostaru","status":"publish","type":"post","link":"https:\/\/modusportal.ba\/mojevijesti\/2026\/04\/10\/postoji-curenje-informacija-iznutra-sprijeceno-uklanjanje-murala-praljku-u-mostaru\/","title":{"rendered":"\u201cPostoji curenje informacija iznutra\u201d: Sprije\u010deno uklanjanje murala Praljku u Mostaru"},"content":{"rendered":"<p><\/p>\n<p><img loading=\"lazy\" decoding=\"async\" loading=\"lazy\" width=\"1024\" height=\"538\" src=\"https:\/\/cdn.fokus.ba\/wp-content\/uploads\/2026\/04\/mural-1024x538.webp\" class=\"attachment-large size-large wp-post-image\" alt=\"Mural zlo\u010dncu Praljku u Mostaru\"><\/p>\n<p>Kajan je naglasio da grupe koje slave pravosna\u017eno osu\u0111ene ratne zlo\u010dince ne mogu i ne smiju biti ja\u010de od institucija dr\u017eave<\/p>\n<p><a href=\"https:\/\/www.fokus.ba\/vijesti\/bih\/postoji-curenje-informacija-iznutra-sprijeceno-uklanjanje-murala-praljku-u-mostaru\/3540736\/\">Fokus.ba <\/a><\/p>\n","protected":false},"excerpt":{"rendered":"<p>Kajan je naglasio da grupe koje slave pravosna\u017eno osu\u0111ene ratne zlo\u010dince ne mogu i ne smiju biti ja\u010de od institucija dr\u017eave Fokus.ba<\/p>\n","protected":false},"author":1,"featured_media":31868,"comment_status":"open","ping_status":"open","sticky":false,"template":"","format":"standard","meta":{"_siteseo_robots_primary_cat":"","footnotes":""},"categories":[],"tags":[],"class_list":["post-31867","post","type-post","status-publish","format-standard","has-post-thumbnail"],"_links":{"self":[{"href":"https:\/\/modusportal.ba\/mojevijesti\/wp-json\/wp\/v2\/posts\/31867","targetHints":{"allow":["GET"]}}],"collection":[{"href":"https:\/\/modusportal.ba\/mojevijesti\/wp-json\/wp\/v2\/posts"}],"about":[{"href":"https:\/\/modusportal.ba\/mojevijesti\/wp-json\/wp\/v2\/types\/post"}],"author":[{"embeddable":true,"href":"https:\/\/modusportal.ba\/mojevijesti\/wp-json\/wp\/v2\/users\/1"}],"replies":[{"embeddable":true,"href":"https:\/\/modusportal.ba\/mojevijesti\/wp-json\/wp\/v2\/comments?post=31867"}],"version-history":[{"count":0,"href":"https:\/\/modusportal.ba\/mojevijesti\/wp-json\/wp\/v2\/posts\/31867\/revisions"}],"wp:featuredmedia":[{"embeddable":true,"href":"https:\/\/modusportal.ba\/mojevijesti\/wp-json\/wp\/v2\/media\/31868"}],"wp:attachment":[{"href":"https:\/\/modusportal.ba\/mojevijesti\/wp-json\/wp\/v2\/media?parent=31867"}],"wp:term":[{"taxonomy":"category","embeddable":true,"href":"https:\/\/modusportal.ba\/mojevijesti\/wp-json\/wp\/v2\/categories?post=31867"},{"taxonomy":"post_tag","embeddable":true,"href":"https:\/\/modusportal.ba\/mojevijesti\/wp-json\/wp\/v2\/tags?post=31867"}],"curies":[{"name":"wp","href":"https:\/\/api.w.org\/{rel}","templated":true}]}}