{"id":31871,"date":"2026-04-11T01:52:30","date_gmt":"2026-04-11T01:52:30","guid":{"rendered":"https:\/\/modusportal.ba\/mojevijesti\/2026\/04\/11\/poceli-radovi-na-vjetroelektrani-mjestani-dosli-i-zaustavili-bagere\/"},"modified":"2026-04-11T01:52:30","modified_gmt":"2026-04-11T01:52:30","slug":"poceli-radovi-na-vjetroelektrani-mjestani-dosli-i-zaustavili-bagere","status":"publish","type":"post","link":"https:\/\/modusportal.ba\/mojevijesti\/2026\/04\/11\/poceli-radovi-na-vjetroelektrani-mjestani-dosli-i-zaustavili-bagere\/","title":{"rendered":"Po\u010deli radovi na vjetroelektrani, mje\u0161tani do\u0161li i zaustavili bagere"},"content":{"rendered":"<p><\/p>\n<p><img loading=\"lazy\" decoding=\"async\" loading=\"lazy\" width=\"1024\" height=\"538\" src=\"https:\/\/cdn.fokus.ba\/wp-content\/uploads\/2026\/04\/cadilj-1024x538.webp\" class=\"attachment-large size-large wp-post-image\" alt=\"Mje\u0161tani blokiraju gradnju vjetroelektrane \u010cadilj\"><\/p>\n<p>&#8220;Procedura i birokratija su jako spori, tako da smo se danas odlu\u010dili iza\u0107i na teren i fizi\u010dki blokirati te\u0161ku mehanizaciju&#8221;<\/p>\n<p><a href=\"https:\/\/www.fokus.ba\/vijesti\/bih\/poceli-radovi-na-vjetroelektrani-mjestani-dosli-i-zaustavili-bagere\/3540826\/\">Fokus.ba <\/a><\/p>\n","protected":false},"excerpt":{"rendered":"<p>&#8220;Procedura i birokratija su jako spori, tako da smo se danas odlu\u010dili iza\u0107i na teren i fizi\u010dki blokirati te\u0161ku mehanizaciju&#8221; Fokus.ba<\/p>\n","protected":false},"author":1,"featured_media":31872,"comment_status":"open","ping_status":"open","sticky":false,"template":"","format":"standard","meta":{"_siteseo_robots_primary_cat":"","footnotes":""},"categories":[],"tags":[],"class_list":["post-31871","post","type-post","status-publish","format-standard","has-post-thumbnail"],"_links":{"self":[{"href":"https:\/\/modusportal.ba\/mojevijesti\/wp-json\/wp\/v2\/posts\/31871","targetHints":{"allow":["GET"]}}],"collection":[{"href":"https:\/\/modusportal.ba\/mojevijesti\/wp-json\/wp\/v2\/posts"}],"about":[{"href":"https:\/\/modusportal.ba\/mojevijesti\/wp-json\/wp\/v2\/types\/post"}],"author":[{"embeddable":true,"href":"https:\/\/modusportal.ba\/mojevijesti\/wp-json\/wp\/v2\/users\/1"}],"replies":[{"embeddable":true,"href":"https:\/\/modusportal.ba\/mojevijesti\/wp-json\/wp\/v2\/comments?post=31871"}],"version-history":[{"count":0,"href":"https:\/\/modusportal.ba\/mojevijesti\/wp-json\/wp\/v2\/posts\/31871\/revisions"}],"wp:featuredmedia":[{"embeddable":true,"href":"https:\/\/modusportal.ba\/mojevijesti\/wp-json\/wp\/v2\/media\/31872"}],"wp:attachment":[{"href":"https:\/\/modusportal.ba\/mojevijesti\/wp-json\/wp\/v2\/media?parent=31871"}],"wp:term":[{"taxonomy":"category","embeddable":true,"href":"https:\/\/modusportal.ba\/mojevijesti\/wp-json\/wp\/v2\/categories?post=31871"},{"taxonomy":"post_tag","embeddable":true,"href":"https:\/\/modusportal.ba\/mojevijesti\/wp-json\/wp\/v2\/tags?post=31871"}],"curies":[{"name":"wp","href":"https:\/\/api.w.org\/{rel}","templated":true}]}}