{"id":31873,"date":"2026-04-11T08:07:22","date_gmt":"2026-04-11T08:07:22","guid":{"rendered":"https:\/\/modusportal.ba\/mojevijesti\/2026\/04\/11\/smajo-mandzic-sda-osuden-jer-je-pretukao-kolegu-iz-stranke-begana-muhica-poznato-i-zasto\/"},"modified":"2026-04-11T08:07:22","modified_gmt":"2026-04-11T08:07:22","slug":"smajo-mandzic-sda-osuden-jer-je-pretukao-kolegu-iz-stranke-begana-muhica-poznato-i-zasto","status":"publish","type":"post","link":"https:\/\/modusportal.ba\/mojevijesti\/2026\/04\/11\/smajo-mandzic-sda-osuden-jer-je-pretukao-kolegu-iz-stranke-begana-muhica-poznato-i-zasto\/","title":{"rendered":"Smajo Mand\u017ei\u0107 (SDA) osu\u0111en jer je pretukao  kolegu iz stranke Begana Muhi\u0107a. Poznato i za\u0161to"},"content":{"rendered":"<p><\/p>\n<p><img loading=\"lazy\" decoding=\"async\" loading=\"lazy\" width=\"1024\" height=\"538\" src=\"https:\/\/cdn.fokus.ba\/wp-content\/uploads\/2026\/04\/smajo-mandzic-1024x538.webp\" class=\"attachment-large size-large wp-post-image\" alt=\"Smajo Mand\u017ei\u0107\"><\/p>\n<p>Rije\u010d je o prvostepenoj presudi, a incident zbog kojeg je Mand\u017ei\u0107 osu\u0111en dogodio se prije dvije godine u jednom ugostiteljskom objektu<\/p>\n<p><a href=\"https:\/\/www.fokus.ba\/vijesti\/bih\/smajo-mandzic-sda-osudjen-jer-je-pretukao-kolegu-iz-stranke-begana-muhica-poznato-i-zasto\/3540887\/\">Fokus.ba <\/a><\/p>\n","protected":false},"excerpt":{"rendered":"<p>Rije\u010d je o prvostepenoj presudi, a incident zbog kojeg je Mand\u017ei\u0107 osu\u0111en dogodio se prije dvije godine u jednom ugostiteljskom objektu Fokus.ba<\/p>\n","protected":false},"author":1,"featured_media":31874,"comment_status":"open","ping_status":"open","sticky":false,"template":"","format":"standard","meta":{"_siteseo_robots_primary_cat":"","footnotes":""},"categories":[],"tags":[],"class_list":["post-31873","post","type-post","status-publish","format-standard","has-post-thumbnail"],"_links":{"self":[{"href":"https:\/\/modusportal.ba\/mojevijesti\/wp-json\/wp\/v2\/posts\/31873","targetHints":{"allow":["GET"]}}],"collection":[{"href":"https:\/\/modusportal.ba\/mojevijesti\/wp-json\/wp\/v2\/posts"}],"about":[{"href":"https:\/\/modusportal.ba\/mojevijesti\/wp-json\/wp\/v2\/types\/post"}],"author":[{"embeddable":true,"href":"https:\/\/modusportal.ba\/mojevijesti\/wp-json\/wp\/v2\/users\/1"}],"replies":[{"embeddable":true,"href":"https:\/\/modusportal.ba\/mojevijesti\/wp-json\/wp\/v2\/comments?post=31873"}],"version-history":[{"count":0,"href":"https:\/\/modusportal.ba\/mojevijesti\/wp-json\/wp\/v2\/posts\/31873\/revisions"}],"wp:featuredmedia":[{"embeddable":true,"href":"https:\/\/modusportal.ba\/mojevijesti\/wp-json\/wp\/v2\/media\/31874"}],"wp:attachment":[{"href":"https:\/\/modusportal.ba\/mojevijesti\/wp-json\/wp\/v2\/media?parent=31873"}],"wp:term":[{"taxonomy":"category","embeddable":true,"href":"https:\/\/modusportal.ba\/mojevijesti\/wp-json\/wp\/v2\/categories?post=31873"},{"taxonomy":"post_tag","embeddable":true,"href":"https:\/\/modusportal.ba\/mojevijesti\/wp-json\/wp\/v2\/tags?post=31873"}],"curies":[{"name":"wp","href":"https:\/\/api.w.org\/{rel}","templated":true}]}}