{"id":31875,"date":"2026-04-11T14:21:11","date_gmt":"2026-04-11T14:21:11","guid":{"rendered":"https:\/\/modusportal.ba\/mojevijesti\/2026\/04\/11\/zene-srebrenice-ponovo-na-ulicama-tuzle-pocele-pripreme-za-kolektivnu-dzenazu-u-potocarima\/"},"modified":"2026-04-11T14:21:11","modified_gmt":"2026-04-11T14:21:11","slug":"zene-srebrenice-ponovo-na-ulicama-tuzle-pocele-pripreme-za-kolektivnu-dzenazu-u-potocarima","status":"publish","type":"post","link":"https:\/\/modusportal.ba\/mojevijesti\/2026\/04\/11\/zene-srebrenice-ponovo-na-ulicama-tuzle-pocele-pripreme-za-kolektivnu-dzenazu-u-potocarima\/","title":{"rendered":"\u017dene Srebrenice ponovo na ulicama Tuzle: Po\u010dele pripreme za kolektivnu d\u017eenazu u Poto\u010darima"},"content":{"rendered":"<p><\/p>\n<p><img loading=\"lazy\" decoding=\"async\" loading=\"lazy\" width=\"1024\" height=\"538\" src=\"https:\/\/cdn.fokus.ba\/wp-content\/uploads\/2026\/04\/Nura-Begovic-1024x538.webp\" class=\"attachment-large size-large wp-post-image\" alt=\"Nura Begovi\u0107\"><\/p>\n<p>Dana\u0161njem protestu prisustvovali su i u\u010denici, kao i gra\u0111ani iz vi\u0161e gradova, \u0161to, kako je poru\u010deno, daje snagu pre\u017eivjelima da nastave borbu<\/p>\n<p><a href=\"https:\/\/www.fokus.ba\/vijesti\/bih\/zene-srebrenice-ponovo-na-ulicama-tuzle-pocele-pripreme-za-kolektivnu-dzenazu-u-potocarima\/3540931\/\">Fokus.ba <\/a><\/p>\n","protected":false},"excerpt":{"rendered":"<p>Dana\u0161njem protestu prisustvovali su i u\u010denici, kao i gra\u0111ani iz vi\u0161e gradova, \u0161to, kako je poru\u010deno, daje snagu pre\u017eivjelima da nastave borbu Fokus.ba<\/p>\n","protected":false},"author":1,"featured_media":31876,"comment_status":"open","ping_status":"open","sticky":false,"template":"","format":"standard","meta":{"_siteseo_robots_primary_cat":"","footnotes":""},"categories":[],"tags":[],"class_list":["post-31875","post","type-post","status-publish","format-standard","has-post-thumbnail"],"_links":{"self":[{"href":"https:\/\/modusportal.ba\/mojevijesti\/wp-json\/wp\/v2\/posts\/31875","targetHints":{"allow":["GET"]}}],"collection":[{"href":"https:\/\/modusportal.ba\/mojevijesti\/wp-json\/wp\/v2\/posts"}],"about":[{"href":"https:\/\/modusportal.ba\/mojevijesti\/wp-json\/wp\/v2\/types\/post"}],"author":[{"embeddable":true,"href":"https:\/\/modusportal.ba\/mojevijesti\/wp-json\/wp\/v2\/users\/1"}],"replies":[{"embeddable":true,"href":"https:\/\/modusportal.ba\/mojevijesti\/wp-json\/wp\/v2\/comments?post=31875"}],"version-history":[{"count":0,"href":"https:\/\/modusportal.ba\/mojevijesti\/wp-json\/wp\/v2\/posts\/31875\/revisions"}],"wp:featuredmedia":[{"embeddable":true,"href":"https:\/\/modusportal.ba\/mojevijesti\/wp-json\/wp\/v2\/media\/31876"}],"wp:attachment":[{"href":"https:\/\/modusportal.ba\/mojevijesti\/wp-json\/wp\/v2\/media?parent=31875"}],"wp:term":[{"taxonomy":"category","embeddable":true,"href":"https:\/\/modusportal.ba\/mojevijesti\/wp-json\/wp\/v2\/categories?post=31875"},{"taxonomy":"post_tag","embeddable":true,"href":"https:\/\/modusportal.ba\/mojevijesti\/wp-json\/wp\/v2\/tags?post=31875"}],"curies":[{"name":"wp","href":"https:\/\/api.w.org\/{rel}","templated":true}]}}