{"id":31879,"date":"2026-04-12T02:32:35","date_gmt":"2026-04-12T02:32:35","guid":{"rendered":"https:\/\/modusportal.ba\/mojevijesti\/2026\/04\/12\/sladic-najavio-period-lijepog-vremena-ziva-ide-uzbrdo\/"},"modified":"2026-04-12T02:32:35","modified_gmt":"2026-04-12T02:32:35","slug":"sladic-najavio-period-lijepog-vremena-ziva-ide-uzbrdo","status":"publish","type":"post","link":"https:\/\/modusportal.ba\/mojevijesti\/2026\/04\/12\/sladic-najavio-period-lijepog-vremena-ziva-ide-uzbrdo\/","title":{"rendered":"Sladi\u0107 najavio period lijepog vremena: \u201c\u017diva ide uzbrdo\u201d"},"content":{"rendered":"<p><\/p>\n<p><img loading=\"lazy\" decoding=\"async\" loading=\"lazy\" width=\"1024\" height=\"538\" src=\"https:\/\/cdn.fokus.ba\/wp-content\/uploads\/2025\/05\/sladic-1024x538.webp\" class=\"attachment-large size-large wp-post-image\" alt=\"Sladi\u0107\"><\/p>\n<p>Sutra \u0107e u BiH preovladavati sun\u010dano vrijeme uz malu do umjerenu obla\u010dnost<\/p>\n<p><a href=\"https:\/\/www.fokus.ba\/vijesti\/bih\/sladic-najavio-period-lijepog-vremena-ziva-ide-uzbrdo\/3540996\/\">Fokus.ba <\/a><\/p>\n","protected":false},"excerpt":{"rendered":"<p>Sutra \u0107e u BiH preovladavati sun\u010dano vrijeme uz malu do umjerenu obla\u010dnost Fokus.ba<\/p>\n","protected":false},"author":1,"featured_media":31880,"comment_status":"open","ping_status":"open","sticky":false,"template":"","format":"standard","meta":{"_siteseo_robots_primary_cat":"","footnotes":""},"categories":[],"tags":[],"class_list":["post-31879","post","type-post","status-publish","format-standard","has-post-thumbnail"],"_links":{"self":[{"href":"https:\/\/modusportal.ba\/mojevijesti\/wp-json\/wp\/v2\/posts\/31879","targetHints":{"allow":["GET"]}}],"collection":[{"href":"https:\/\/modusportal.ba\/mojevijesti\/wp-json\/wp\/v2\/posts"}],"about":[{"href":"https:\/\/modusportal.ba\/mojevijesti\/wp-json\/wp\/v2\/types\/post"}],"author":[{"embeddable":true,"href":"https:\/\/modusportal.ba\/mojevijesti\/wp-json\/wp\/v2\/users\/1"}],"replies":[{"embeddable":true,"href":"https:\/\/modusportal.ba\/mojevijesti\/wp-json\/wp\/v2\/comments?post=31879"}],"version-history":[{"count":0,"href":"https:\/\/modusportal.ba\/mojevijesti\/wp-json\/wp\/v2\/posts\/31879\/revisions"}],"wp:featuredmedia":[{"embeddable":true,"href":"https:\/\/modusportal.ba\/mojevijesti\/wp-json\/wp\/v2\/media\/31880"}],"wp:attachment":[{"href":"https:\/\/modusportal.ba\/mojevijesti\/wp-json\/wp\/v2\/media?parent=31879"}],"wp:term":[{"taxonomy":"category","embeddable":true,"href":"https:\/\/modusportal.ba\/mojevijesti\/wp-json\/wp\/v2\/categories?post=31879"},{"taxonomy":"post_tag","embeddable":true,"href":"https:\/\/modusportal.ba\/mojevijesti\/wp-json\/wp\/v2\/tags?post=31879"}],"curies":[{"name":"wp","href":"https:\/\/api.w.org\/{rel}","templated":true}]}}