{"id":31889,"date":"2026-04-13T09:35:16","date_gmt":"2026-04-13T09:35:16","guid":{"rendered":"https:\/\/modusportal.ba\/mojevijesti\/2026\/04\/13\/odnosi-madarske-sa-srbijom-i-rs-om-ce-biti-spusteni-za-nekoliko-nivoa\/"},"modified":"2026-04-13T09:35:16","modified_gmt":"2026-04-13T09:35:16","slug":"odnosi-madarske-sa-srbijom-i-rs-om-ce-biti-spusteni-za-nekoliko-nivoa","status":"publish","type":"post","link":"https:\/\/modusportal.ba\/mojevijesti\/2026\/04\/13\/odnosi-madarske-sa-srbijom-i-rs-om-ce-biti-spusteni-za-nekoliko-nivoa\/","title":{"rendered":"Odnosi Ma\u0111arske sa Srbijom i RS-om \u0107e biti spu\u0161teni za nekoliko nivoa"},"content":{"rendered":"<p><\/p>\n<p><img loading=\"lazy\" decoding=\"async\" loading=\"lazy\" width=\"1024\" height=\"538\" src=\"https:\/\/cdn.fokus.ba\/wp-content\/uploads\/2026\/04\/Zarko-Puhovski-1024x538.jpg\" class=\"attachment-large size-large wp-post-image\" alt=\"\u017darko Puhovski\"><\/p>\n<p>Poraz Orb\u00e1na zadao udarac suverenisti\u010dkim politikama \u0161irom Evrope, ali ostaje otvoreno pitanje koliko \u0107e taj udar biti dugotrajan i dubok<\/p>\n<p><a href=\"https:\/\/www.fokus.ba\/vijesti\/bih\/odnosi-madjarske-sa-srbijom-i-rs-om-ce-biti-spusteni-za-nekoliko-nivoa\/3541170\/\">Fokus.ba <\/a><\/p>\n","protected":false},"excerpt":{"rendered":"<p>Poraz Orb\u00e1na zadao udarac suverenisti\u010dkim politikama \u0161irom Evrope, ali ostaje otvoreno pitanje koliko \u0107e taj udar biti dugotrajan i dubok Fokus.ba<\/p>\n","protected":false},"author":1,"featured_media":31890,"comment_status":"open","ping_status":"open","sticky":false,"template":"","format":"standard","meta":{"_siteseo_robots_primary_cat":"","footnotes":""},"categories":[],"tags":[],"class_list":["post-31889","post","type-post","status-publish","format-standard","has-post-thumbnail"],"_links":{"self":[{"href":"https:\/\/modusportal.ba\/mojevijesti\/wp-json\/wp\/v2\/posts\/31889","targetHints":{"allow":["GET"]}}],"collection":[{"href":"https:\/\/modusportal.ba\/mojevijesti\/wp-json\/wp\/v2\/posts"}],"about":[{"href":"https:\/\/modusportal.ba\/mojevijesti\/wp-json\/wp\/v2\/types\/post"}],"author":[{"embeddable":true,"href":"https:\/\/modusportal.ba\/mojevijesti\/wp-json\/wp\/v2\/users\/1"}],"replies":[{"embeddable":true,"href":"https:\/\/modusportal.ba\/mojevijesti\/wp-json\/wp\/v2\/comments?post=31889"}],"version-history":[{"count":0,"href":"https:\/\/modusportal.ba\/mojevijesti\/wp-json\/wp\/v2\/posts\/31889\/revisions"}],"wp:featuredmedia":[{"embeddable":true,"href":"https:\/\/modusportal.ba\/mojevijesti\/wp-json\/wp\/v2\/media\/31890"}],"wp:attachment":[{"href":"https:\/\/modusportal.ba\/mojevijesti\/wp-json\/wp\/v2\/media?parent=31889"}],"wp:term":[{"taxonomy":"category","embeddable":true,"href":"https:\/\/modusportal.ba\/mojevijesti\/wp-json\/wp\/v2\/categories?post=31889"},{"taxonomy":"post_tag","embeddable":true,"href":"https:\/\/modusportal.ba\/mojevijesti\/wp-json\/wp\/v2\/tags?post=31889"}],"curies":[{"name":"wp","href":"https:\/\/api.w.org\/{rel}","templated":true}]}}