{"id":31895,"date":"2026-04-14T04:07:11","date_gmt":"2026-04-14T04:07:11","guid":{"rendered":"https:\/\/modusportal.ba\/mojevijesti\/2026\/04\/14\/mjestani-tijelima-ispisali-ne-protest-protiv-izgradnje-vjetroelektrane\/"},"modified":"2026-04-14T04:07:11","modified_gmt":"2026-04-14T04:07:11","slug":"mjestani-tijelima-ispisali-ne-protest-protiv-izgradnje-vjetroelektrane","status":"publish","type":"post","link":"https:\/\/modusportal.ba\/mojevijesti\/2026\/04\/14\/mjestani-tijelima-ispisali-ne-protest-protiv-izgradnje-vjetroelektrane\/","title":{"rendered":"Mje\u0161tani tijelima ispisali \u201cNE\u201d: Protest protiv izgradnje vjetroelektrane"},"content":{"rendered":"<p><\/p>\n<p><img loading=\"lazy\" decoding=\"async\" loading=\"lazy\" width=\"1024\" height=\"538\" src=\"https:\/\/cdn.fokus.ba\/wp-content\/uploads\/2026\/04\/protest-lokalitet-kruge-1024x538.jpg\" class=\"attachment-large size-large wp-post-image\" alt=\"protest lokalitet kruge\"><\/p>\n<p>Dana\u0161nji protesti dolaze nakon \u0161to su mje\u0161tani prije nekoliko dana fizi\u010dki blokirali radove i zaustavili te\u0161ku mehanizaciju<\/p>\n<p><a href=\"https:\/\/www.fokus.ba\/vijesti\/bih\/mjestani-tijelima-ispisali-ne-protest-protiv-izgradnje-vjetroelektrane\/3541269\/\">Fokus.ba <\/a><\/p>\n","protected":false},"excerpt":{"rendered":"<p>Dana\u0161nji protesti dolaze nakon \u0161to su mje\u0161tani prije nekoliko dana fizi\u010dki blokirali radove i zaustavili te\u0161ku mehanizaciju Fokus.ba<\/p>\n","protected":false},"author":1,"featured_media":31896,"comment_status":"open","ping_status":"open","sticky":false,"template":"","format":"standard","meta":{"_siteseo_robots_primary_cat":"","footnotes":""},"categories":[],"tags":[],"class_list":["post-31895","post","type-post","status-publish","format-standard","has-post-thumbnail"],"_links":{"self":[{"href":"https:\/\/modusportal.ba\/mojevijesti\/wp-json\/wp\/v2\/posts\/31895","targetHints":{"allow":["GET"]}}],"collection":[{"href":"https:\/\/modusportal.ba\/mojevijesti\/wp-json\/wp\/v2\/posts"}],"about":[{"href":"https:\/\/modusportal.ba\/mojevijesti\/wp-json\/wp\/v2\/types\/post"}],"author":[{"embeddable":true,"href":"https:\/\/modusportal.ba\/mojevijesti\/wp-json\/wp\/v2\/users\/1"}],"replies":[{"embeddable":true,"href":"https:\/\/modusportal.ba\/mojevijesti\/wp-json\/wp\/v2\/comments?post=31895"}],"version-history":[{"count":0,"href":"https:\/\/modusportal.ba\/mojevijesti\/wp-json\/wp\/v2\/posts\/31895\/revisions"}],"wp:featuredmedia":[{"embeddable":true,"href":"https:\/\/modusportal.ba\/mojevijesti\/wp-json\/wp\/v2\/media\/31896"}],"wp:attachment":[{"href":"https:\/\/modusportal.ba\/mojevijesti\/wp-json\/wp\/v2\/media?parent=31895"}],"wp:term":[{"taxonomy":"category","embeddable":true,"href":"https:\/\/modusportal.ba\/mojevijesti\/wp-json\/wp\/v2\/categories?post=31895"},{"taxonomy":"post_tag","embeddable":true,"href":"https:\/\/modusportal.ba\/mojevijesti\/wp-json\/wp\/v2\/tags?post=31895"}],"curies":[{"name":"wp","href":"https:\/\/api.w.org\/{rel}","templated":true}]}}