{"id":31897,"date":"2026-04-14T10:08:15","date_gmt":"2026-04-14T10:08:15","guid":{"rendered":"https:\/\/modusportal.ba\/mojevijesti\/2026\/04\/14\/slucaj-darija-ristica-dvojno-drzavljanstvo-za-izbjegavanje-odgovornosti-za-ratovanje-za-rusiju\/"},"modified":"2026-04-14T10:08:15","modified_gmt":"2026-04-14T10:08:15","slug":"slucaj-darija-ristica-dvojno-drzavljanstvo-za-izbjegavanje-odgovornosti-za-ratovanje-za-rusiju","status":"publish","type":"post","link":"https:\/\/modusportal.ba\/mojevijesti\/2026\/04\/14\/slucaj-darija-ristica-dvojno-drzavljanstvo-za-izbjegavanje-odgovornosti-za-ratovanje-za-rusiju\/","title":{"rendered":"Slu\u010daj Darija Risti\u0107a: Dvojno dr\u017eavljanstvo za izbjegavanje odgovornosti za ratovanje za Rusiju"},"content":{"rendered":"<p><\/p>\n<p><img loading=\"lazy\" decoding=\"async\" loading=\"lazy\" width=\"1024\" height=\"538\" src=\"https:\/\/cdn.fokus.ba\/wp-content\/uploads\/2026\/04\/Dario-Ristic-u-Ukrajini-1024x538.webp\" class=\"attachment-large size-large wp-post-image\" alt=\"Dario Risti\u0107 u Ukrajini\"><\/p>\n<p>Risti\u0107 se u septembru 2025. godine odlu\u010dio predati bosanskohercegova\u010dkom pravosu\u0111u nakon \u0161to je saznao da je za njim raspisana me\u0111unarodna Interpolova potjernica zbog u\u010de\u0161\u0107a u stranim oru\u017eanim formacijama<\/p>\n<p><a href=\"https:\/\/www.fokus.ba\/vijesti\/bih\/slucaj-darija-ristica-dvojno-drzavljanstvo-za-izbjegavanje-odgovornosti-za-ratovanje-za-rusiju\/3541428\/\">Fokus.ba <\/a><\/p>\n","protected":false},"excerpt":{"rendered":"<p>Risti\u0107 se u septembru 2025. godine odlu\u010dio predati bosanskohercegova\u010dkom pravosu\u0111u nakon \u0161to je saznao da je za njim raspisana me\u0111unarodna Interpolova potjernica zbog u\u010de\u0161\u0107a u stranim oru\u017eanim formacijama Fokus.ba<\/p>\n","protected":false},"author":1,"featured_media":31898,"comment_status":"open","ping_status":"open","sticky":false,"template":"","format":"standard","meta":{"_siteseo_robots_primary_cat":"","footnotes":""},"categories":[],"tags":[],"class_list":["post-31897","post","type-post","status-publish","format-standard","has-post-thumbnail"],"_links":{"self":[{"href":"https:\/\/modusportal.ba\/mojevijesti\/wp-json\/wp\/v2\/posts\/31897","targetHints":{"allow":["GET"]}}],"collection":[{"href":"https:\/\/modusportal.ba\/mojevijesti\/wp-json\/wp\/v2\/posts"}],"about":[{"href":"https:\/\/modusportal.ba\/mojevijesti\/wp-json\/wp\/v2\/types\/post"}],"author":[{"embeddable":true,"href":"https:\/\/modusportal.ba\/mojevijesti\/wp-json\/wp\/v2\/users\/1"}],"replies":[{"embeddable":true,"href":"https:\/\/modusportal.ba\/mojevijesti\/wp-json\/wp\/v2\/comments?post=31897"}],"version-history":[{"count":0,"href":"https:\/\/modusportal.ba\/mojevijesti\/wp-json\/wp\/v2\/posts\/31897\/revisions"}],"wp:featuredmedia":[{"embeddable":true,"href":"https:\/\/modusportal.ba\/mojevijesti\/wp-json\/wp\/v2\/media\/31898"}],"wp:attachment":[{"href":"https:\/\/modusportal.ba\/mojevijesti\/wp-json\/wp\/v2\/media?parent=31897"}],"wp:term":[{"taxonomy":"category","embeddable":true,"href":"https:\/\/modusportal.ba\/mojevijesti\/wp-json\/wp\/v2\/categories?post=31897"},{"taxonomy":"post_tag","embeddable":true,"href":"https:\/\/modusportal.ba\/mojevijesti\/wp-json\/wp\/v2\/tags?post=31897"}],"curies":[{"name":"wp","href":"https:\/\/api.w.org\/{rel}","templated":true}]}}