{"id":31913,"date":"2026-04-16T11:00:03","date_gmt":"2026-04-16T11:00:03","guid":{"rendered":"https:\/\/modusportal.ba\/mojevijesti\/2026\/04\/16\/sjecanje-na-zlocin-u-trusini-bez-pravde-nema-istinskog-i-trajnog-pomirenja\/"},"modified":"2026-04-16T11:00:03","modified_gmt":"2026-04-16T11:00:03","slug":"sjecanje-na-zlocin-u-trusini-bez-pravde-nema-istinskog-i-trajnog-pomirenja","status":"publish","type":"post","link":"https:\/\/modusportal.ba\/mojevijesti\/2026\/04\/16\/sjecanje-na-zlocin-u-trusini-bez-pravde-nema-istinskog-i-trajnog-pomirenja\/","title":{"rendered":"Sje\u0107anje na zlo\u010din u Trusini: Bez pravde nema istinskog i trajnog pomirenja"},"content":{"rendered":"<p><\/p>\n<p><img loading=\"lazy\" decoding=\"async\" loading=\"lazy\" width=\"1024\" height=\"538\" src=\"https:\/\/cdn.fokus.ba\/wp-content\/uploads\/2026\/04\/zlocin-trusina-4-1024x538.webp\" class=\"attachment-large size-large wp-post-image\" alt=\"Trusina: Bez pravde nema istinskog i trajnog pomirenja\"><\/p>\n<p>&#8220;Ovo su uvijek te\u0161ki dani i trenuci. \u017drtva ima ime i prezime, a i svaki zlo\u010dinac ima ime i prezime. S ovakvih mjesta uvijek treba slati poruke mira i da znamo da zlo uvijek u\u010dini ne\u0161to te\u0161ko&#8221;<\/p>\n<p><a href=\"https:\/\/www.fokus.ba\/vijesti\/bih\/sjecanje-na-zlocin-u-trusini-bez-pravde-nema-istinskog-i-trajnog-pomirenja\/3541957\/\">Fokus.ba <\/a><\/p>\n","protected":false},"excerpt":{"rendered":"<p>&#8220;Ovo su uvijek te\u0161ki dani i trenuci. \u017drtva ima ime i prezime, a i svaki zlo\u010dinac ima ime i prezime. S ovakvih mjesta uvijek treba slati poruke mira i da znamo da zlo uvijek u\u010dini ne\u0161to te\u0161ko&#8221; Fokus.ba<\/p>\n","protected":false},"author":1,"featured_media":31914,"comment_status":"open","ping_status":"open","sticky":false,"template":"","format":"standard","meta":{"_siteseo_robots_primary_cat":"","footnotes":""},"categories":[],"tags":[],"class_list":["post-31913","post","type-post","status-publish","format-standard","has-post-thumbnail"],"_links":{"self":[{"href":"https:\/\/modusportal.ba\/mojevijesti\/wp-json\/wp\/v2\/posts\/31913","targetHints":{"allow":["GET"]}}],"collection":[{"href":"https:\/\/modusportal.ba\/mojevijesti\/wp-json\/wp\/v2\/posts"}],"about":[{"href":"https:\/\/modusportal.ba\/mojevijesti\/wp-json\/wp\/v2\/types\/post"}],"author":[{"embeddable":true,"href":"https:\/\/modusportal.ba\/mojevijesti\/wp-json\/wp\/v2\/users\/1"}],"replies":[{"embeddable":true,"href":"https:\/\/modusportal.ba\/mojevijesti\/wp-json\/wp\/v2\/comments?post=31913"}],"version-history":[{"count":0,"href":"https:\/\/modusportal.ba\/mojevijesti\/wp-json\/wp\/v2\/posts\/31913\/revisions"}],"wp:featuredmedia":[{"embeddable":true,"href":"https:\/\/modusportal.ba\/mojevijesti\/wp-json\/wp\/v2\/media\/31914"}],"wp:attachment":[{"href":"https:\/\/modusportal.ba\/mojevijesti\/wp-json\/wp\/v2\/media?parent=31913"}],"wp:term":[{"taxonomy":"category","embeddable":true,"href":"https:\/\/modusportal.ba\/mojevijesti\/wp-json\/wp\/v2\/categories?post=31913"},{"taxonomy":"post_tag","embeddable":true,"href":"https:\/\/modusportal.ba\/mojevijesti\/wp-json\/wp\/v2\/tags?post=31913"}],"curies":[{"name":"wp","href":"https:\/\/api.w.org\/{rel}","templated":true}]}}