{"id":31915,"date":"2026-04-16T17:02:44","date_gmt":"2026-04-16T17:02:44","guid":{"rendered":"https:\/\/modusportal.ba\/mojevijesti\/2026\/04\/16\/konakovic-ovo-sto-govori-covic-je-potpuno-stetno\/"},"modified":"2026-04-16T17:02:44","modified_gmt":"2026-04-16T17:02:44","slug":"konakovic-ovo-sto-govori-covic-je-potpuno-stetno","status":"publish","type":"post","link":"https:\/\/modusportal.ba\/mojevijesti\/2026\/04\/16\/konakovic-ovo-sto-govori-covic-je-potpuno-stetno\/","title":{"rendered":"Konakovi\u0107: Ovo \u0161to govori \u010covi\u0107 je potpuno \u0161tetno"},"content":{"rendered":"<p><\/p>\n<p><img loading=\"lazy\" decoding=\"async\" loading=\"lazy\" width=\"1024\" height=\"538\" src=\"https:\/\/cdn.fokus.ba\/wp-content\/uploads\/2024\/11\/konakovic-niksic-covic-1024x538.webp\" class=\"attachment-large size-large wp-post-image\" alt=\"konakovic niksic covic\"><\/p>\n<p>&#8220;Na\u0161 cilj na narednim izborima bit \u0107e da im to onemogu\u0107imo i zato \u0107emo tra\u017eiti podr\u0161ku gra\u0111ana Bosne i Hercegovne&#8221;, izjavio je Konakovi\u0107<\/p>\n<p><a href=\"https:\/\/www.fokus.ba\/vijesti\/bih\/konakovic-ovo-sto-govori-covic-je-potpuno-stetno\/3542056\/\">Fokus.ba <\/a><\/p>\n","protected":false},"excerpt":{"rendered":"<p>&#8220;Na\u0161 cilj na narednim izborima bit \u0107e da im to onemogu\u0107imo i zato \u0107emo tra\u017eiti podr\u0161ku gra\u0111ana Bosne i Hercegovne&#8221;, izjavio je Konakovi\u0107 Fokus.ba<\/p>\n","protected":false},"author":1,"featured_media":31916,"comment_status":"open","ping_status":"open","sticky":false,"template":"","format":"standard","meta":{"_siteseo_robots_primary_cat":"","footnotes":""},"categories":[],"tags":[],"class_list":["post-31915","post","type-post","status-publish","format-standard","has-post-thumbnail"],"_links":{"self":[{"href":"https:\/\/modusportal.ba\/mojevijesti\/wp-json\/wp\/v2\/posts\/31915","targetHints":{"allow":["GET"]}}],"collection":[{"href":"https:\/\/modusportal.ba\/mojevijesti\/wp-json\/wp\/v2\/posts"}],"about":[{"href":"https:\/\/modusportal.ba\/mojevijesti\/wp-json\/wp\/v2\/types\/post"}],"author":[{"embeddable":true,"href":"https:\/\/modusportal.ba\/mojevijesti\/wp-json\/wp\/v2\/users\/1"}],"replies":[{"embeddable":true,"href":"https:\/\/modusportal.ba\/mojevijesti\/wp-json\/wp\/v2\/comments?post=31915"}],"version-history":[{"count":0,"href":"https:\/\/modusportal.ba\/mojevijesti\/wp-json\/wp\/v2\/posts\/31915\/revisions"}],"wp:featuredmedia":[{"embeddable":true,"href":"https:\/\/modusportal.ba\/mojevijesti\/wp-json\/wp\/v2\/media\/31916"}],"wp:attachment":[{"href":"https:\/\/modusportal.ba\/mojevijesti\/wp-json\/wp\/v2\/media?parent=31915"}],"wp:term":[{"taxonomy":"category","embeddable":true,"href":"https:\/\/modusportal.ba\/mojevijesti\/wp-json\/wp\/v2\/categories?post=31915"},{"taxonomy":"post_tag","embeddable":true,"href":"https:\/\/modusportal.ba\/mojevijesti\/wp-json\/wp\/v2\/tags?post=31915"}],"curies":[{"name":"wp","href":"https:\/\/api.w.org\/{rel}","templated":true}]}}