{"id":31917,"date":"2026-04-16T23:04:05","date_gmt":"2026-04-16T23:04:05","guid":{"rendered":"https:\/\/modusportal.ba\/mojevijesti\/2026\/04\/16\/zenicka-novinarka-alma-huskic-preminula-prirodnom-smrcu\/"},"modified":"2026-04-16T23:04:05","modified_gmt":"2026-04-16T23:04:05","slug":"zenicka-novinarka-alma-huskic-preminula-prirodnom-smrcu","status":"publish","type":"post","link":"https:\/\/modusportal.ba\/mojevijesti\/2026\/04\/16\/zenicka-novinarka-alma-huskic-preminula-prirodnom-smrcu\/","title":{"rendered":"Zeni\u010dka novinarka Alma Huski\u0107 preminula prirodnom smr\u0107u"},"content":{"rendered":"<p><\/p>\n<p><img loading=\"lazy\" decoding=\"async\" loading=\"lazy\" width=\"1024\" height=\"538\" src=\"https:\/\/cdn.fokus.ba\/wp-content\/uploads\/2026\/04\/alma-huskic-1-1024x538.webp\" class=\"attachment-large size-large wp-post-image\" alt=\"Alma Huski\u0107\"><\/p>\n<p>Sektor kriminalisti\u010dke policije MUP-a ZDK, koji je ju\u010der izvr\u0161io uvi\u0111aj u stanu preminule Huski\u0107, tako\u0111er nije\u00a0utvrdio povrede na tijelu<\/p>\n<p><a href=\"https:\/\/www.fokus.ba\/vijesti\/bih\/zenicka-novinarka-alma-huskic-preminula-prirodnom-smrcu\/3542071\/\">Fokus.ba <\/a><\/p>\n","protected":false},"excerpt":{"rendered":"<p>Sektor kriminalisti\u010dke policije MUP-a ZDK, koji je ju\u010der izvr\u0161io uvi\u0111aj u stanu preminule Huski\u0107, tako\u0111er nije\u00a0utvrdio povrede na tijelu Fokus.ba<\/p>\n","protected":false},"author":1,"featured_media":31918,"comment_status":"open","ping_status":"open","sticky":false,"template":"","format":"standard","meta":{"_siteseo_robots_primary_cat":"","footnotes":""},"categories":[],"tags":[],"class_list":["post-31917","post","type-post","status-publish","format-standard","has-post-thumbnail"],"_links":{"self":[{"href":"https:\/\/modusportal.ba\/mojevijesti\/wp-json\/wp\/v2\/posts\/31917","targetHints":{"allow":["GET"]}}],"collection":[{"href":"https:\/\/modusportal.ba\/mojevijesti\/wp-json\/wp\/v2\/posts"}],"about":[{"href":"https:\/\/modusportal.ba\/mojevijesti\/wp-json\/wp\/v2\/types\/post"}],"author":[{"embeddable":true,"href":"https:\/\/modusportal.ba\/mojevijesti\/wp-json\/wp\/v2\/users\/1"}],"replies":[{"embeddable":true,"href":"https:\/\/modusportal.ba\/mojevijesti\/wp-json\/wp\/v2\/comments?post=31917"}],"version-history":[{"count":0,"href":"https:\/\/modusportal.ba\/mojevijesti\/wp-json\/wp\/v2\/posts\/31917\/revisions"}],"wp:featuredmedia":[{"embeddable":true,"href":"https:\/\/modusportal.ba\/mojevijesti\/wp-json\/wp\/v2\/media\/31918"}],"wp:attachment":[{"href":"https:\/\/modusportal.ba\/mojevijesti\/wp-json\/wp\/v2\/media?parent=31917"}],"wp:term":[{"taxonomy":"category","embeddable":true,"href":"https:\/\/modusportal.ba\/mojevijesti\/wp-json\/wp\/v2\/categories?post=31917"},{"taxonomy":"post_tag","embeddable":true,"href":"https:\/\/modusportal.ba\/mojevijesti\/wp-json\/wp\/v2\/tags?post=31917"}],"curies":[{"name":"wp","href":"https:\/\/api.w.org\/{rel}","templated":true}]}}