{"id":31920,"date":"2026-04-17T11:09:20","date_gmt":"2026-04-17T11:09:20","guid":{"rendered":"https:\/\/modusportal.ba\/mojevijesti\/2026\/04\/17\/europska-unija-razmatra-ukidanje-finansiranja-vstv-u\/"},"modified":"2026-04-17T11:09:20","modified_gmt":"2026-04-17T11:09:20","slug":"europska-unija-razmatra-ukidanje-finansiranja-vstv-u","status":"publish","type":"post","link":"https:\/\/modusportal.ba\/mojevijesti\/2026\/04\/17\/europska-unija-razmatra-ukidanje-finansiranja-vstv-u\/","title":{"rendered":"Europska unija razmatra ukidanje finansiranja VSTV-u"},"content":{"rendered":"<p><\/p>\n<p><img loading=\"lazy\" decoding=\"async\" loading=\"lazy\" width=\"1024\" height=\"538\" src=\"https:\/\/cdn.fokus.ba\/wp-content\/uploads\/2026\/04\/soreca-bogunic-1024x538.jpg\" class=\"attachment-large size-large wp-post-image\" alt=\"vstv\"><\/p>\n<p>&#8220;Trenutno procjenjujemo na\u0161 tok djelovanja, uklju\u010duju\u0107i i svaki utjecaj na EU finansiranje operacije pra\u0107enja&#8221;<\/p>\n<p><a href=\"https:\/\/www.fokus.ba\/vijesti\/bih\/europska-unija-razmatra-ukidanje-finansiranja-vstv-u\/3542189\/\">Fokus.ba <\/a><\/p>\n","protected":false},"excerpt":{"rendered":"<p>&#8220;Trenutno procjenjujemo na\u0161 tok djelovanja, uklju\u010duju\u0107i i svaki utjecaj na EU finansiranje operacije pra\u0107enja&#8221; Fokus.ba<\/p>\n","protected":false},"author":1,"featured_media":31921,"comment_status":"open","ping_status":"open","sticky":false,"template":"","format":"standard","meta":{"_siteseo_robots_primary_cat":"","footnotes":""},"categories":[],"tags":[],"class_list":["post-31920","post","type-post","status-publish","format-standard","has-post-thumbnail"],"_links":{"self":[{"href":"https:\/\/modusportal.ba\/mojevijesti\/wp-json\/wp\/v2\/posts\/31920","targetHints":{"allow":["GET"]}}],"collection":[{"href":"https:\/\/modusportal.ba\/mojevijesti\/wp-json\/wp\/v2\/posts"}],"about":[{"href":"https:\/\/modusportal.ba\/mojevijesti\/wp-json\/wp\/v2\/types\/post"}],"author":[{"embeddable":true,"href":"https:\/\/modusportal.ba\/mojevijesti\/wp-json\/wp\/v2\/users\/1"}],"replies":[{"embeddable":true,"href":"https:\/\/modusportal.ba\/mojevijesti\/wp-json\/wp\/v2\/comments?post=31920"}],"version-history":[{"count":0,"href":"https:\/\/modusportal.ba\/mojevijesti\/wp-json\/wp\/v2\/posts\/31920\/revisions"}],"wp:featuredmedia":[{"embeddable":true,"href":"https:\/\/modusportal.ba\/mojevijesti\/wp-json\/wp\/v2\/media\/31921"}],"wp:attachment":[{"href":"https:\/\/modusportal.ba\/mojevijesti\/wp-json\/wp\/v2\/media?parent=31920"}],"wp:term":[{"taxonomy":"category","embeddable":true,"href":"https:\/\/modusportal.ba\/mojevijesti\/wp-json\/wp\/v2\/categories?post=31920"},{"taxonomy":"post_tag","embeddable":true,"href":"https:\/\/modusportal.ba\/mojevijesti\/wp-json\/wp\/v2\/tags?post=31920"}],"curies":[{"name":"wp","href":"https:\/\/api.w.org\/{rel}","templated":true}]}}