{"id":31954,"date":"2026-04-21T23:39:41","date_gmt":"2026-04-21T23:39:41","guid":{"rendered":"https:\/\/modusportal.ba\/mojevijesti\/2026\/04\/21\/zamjenik-ruskog-sefa-diplomatije-u-bih-porucio-da-mu-smeta-odnos-berlina-i-londona-prema-rs\/"},"modified":"2026-04-21T23:39:41","modified_gmt":"2026-04-21T23:39:41","slug":"zamjenik-ruskog-sefa-diplomatije-u-bih-porucio-da-mu-smeta-odnos-berlina-i-londona-prema-rs","status":"publish","type":"post","link":"https:\/\/modusportal.ba\/mojevijesti\/2026\/04\/21\/zamjenik-ruskog-sefa-diplomatije-u-bih-porucio-da-mu-smeta-odnos-berlina-i-londona-prema-rs\/","title":{"rendered":"Zamjenik ruskog \u0161efa diplomatije u BiH: Poru\u010dio da mu smeta odnos Berlina i Londona prema RS"},"content":{"rendered":"<p><\/p>\n<p><img loading=\"lazy\" decoding=\"async\" loading=\"lazy\" width=\"1024\" height=\"538\" src=\"https:\/\/cdn.fokus.ba\/wp-content\/uploads\/2026\/04\/aleksandar-grusko-dodik-karan-rs-1024x538.jpg\" class=\"attachment-large size-large wp-post-image\" alt=\"aleksandar gru\u0161ko dodik karan\"><\/p>\n<p>Zamjenik ruskog \u0161efa diplomatije u Banjaluci poru\u010dio da \u0107e Rusija braniti interese RS i Dejtonski sporazum uprkos sankcijama<\/p>\n<p><a href=\"https:\/\/www.fokus.ba\/vijesti\/bih\/zamjenik-ruskog-sefa-diplomatije-rusija-ce-braniti-rs-i-dejton-sankcije-ne-uticu-na-odnose\/3543065\/\">Fokus.ba <\/a><\/p>\n","protected":false},"excerpt":{"rendered":"<p>Zamjenik ruskog \u0161efa diplomatije u Banjaluci poru\u010dio da \u0107e Rusija braniti interese RS i Dejtonski sporazum uprkos sankcijama Fokus.ba<\/p>\n","protected":false},"author":1,"featured_media":31955,"comment_status":"open","ping_status":"open","sticky":false,"template":"","format":"standard","meta":{"_siteseo_robots_primary_cat":"","footnotes":""},"categories":[],"tags":[],"class_list":["post-31954","post","type-post","status-publish","format-standard","has-post-thumbnail"],"_links":{"self":[{"href":"https:\/\/modusportal.ba\/mojevijesti\/wp-json\/wp\/v2\/posts\/31954","targetHints":{"allow":["GET"]}}],"collection":[{"href":"https:\/\/modusportal.ba\/mojevijesti\/wp-json\/wp\/v2\/posts"}],"about":[{"href":"https:\/\/modusportal.ba\/mojevijesti\/wp-json\/wp\/v2\/types\/post"}],"author":[{"embeddable":true,"href":"https:\/\/modusportal.ba\/mojevijesti\/wp-json\/wp\/v2\/users\/1"}],"replies":[{"embeddable":true,"href":"https:\/\/modusportal.ba\/mojevijesti\/wp-json\/wp\/v2\/comments?post=31954"}],"version-history":[{"count":0,"href":"https:\/\/modusportal.ba\/mojevijesti\/wp-json\/wp\/v2\/posts\/31954\/revisions"}],"wp:featuredmedia":[{"embeddable":true,"href":"https:\/\/modusportal.ba\/mojevijesti\/wp-json\/wp\/v2\/media\/31955"}],"wp:attachment":[{"href":"https:\/\/modusportal.ba\/mojevijesti\/wp-json\/wp\/v2\/media?parent=31954"}],"wp:term":[{"taxonomy":"category","embeddable":true,"href":"https:\/\/modusportal.ba\/mojevijesti\/wp-json\/wp\/v2\/categories?post=31954"},{"taxonomy":"post_tag","embeddable":true,"href":"https:\/\/modusportal.ba\/mojevijesti\/wp-json\/wp\/v2\/tags?post=31954"}],"curies":[{"name":"wp","href":"https:\/\/api.w.org\/{rel}","templated":true}]}}