{"id":31962,"date":"2026-04-22T23:46:27","date_gmt":"2026-04-22T23:46:27","guid":{"rendered":"https:\/\/modusportal.ba\/mojevijesti\/2026\/04\/22\/napeto-zbog-zemljista-u-mostaru-svi-putevi-vode-u-katastar-preknjizavalo-se-od-bosnjaka-i-hrvata\/"},"modified":"2026-04-22T23:46:27","modified_gmt":"2026-04-22T23:46:27","slug":"napeto-zbog-zemljista-u-mostaru-svi-putevi-vode-u-katastar-preknjizavalo-se-od-bosnjaka-i-hrvata","status":"publish","type":"post","link":"https:\/\/modusportal.ba\/mojevijesti\/2026\/04\/22\/napeto-zbog-zemljista-u-mostaru-svi-putevi-vode-u-katastar-preknjizavalo-se-od-bosnjaka-i-hrvata\/","title":{"rendered":"Napeto zbog zemlji\u0161ta u Mostaru: \u201cSvi putevi vode u katastar, preknji\u017eavalo se od Bo\u0161njaka i Hrvata\u201d"},"content":{"rendered":"<p><\/p>\n<p><img loading=\"lazy\" decoding=\"async\" loading=\"lazy\" width=\"1024\" height=\"538\" src=\"https:\/\/cdn.fokus.ba\/wp-content\/uploads\/2026\/04\/gradnja-mostar-1024x538.jpg\" class=\"attachment-large size-large wp-post-image\" alt=\"mostar\"><\/p>\n<p>Na postojanje problema u katastru, uklju\u010duju\u0107i na\u010din rada, organizaciju i strukturu zaposlenih, ukazuju i aktivisti i novinari.<\/p>\n<p><a href=\"https:\/\/www.fokus.ba\/vijesti\/bih\/napeto-zbog-zemljista-u-mostaru-svi-putevi-vode-u-katastar-preknjizavalo-se-od-bosnjaka-i-hrvata\/3543353\/\">Fokus.ba <\/a><\/p>\n","protected":false},"excerpt":{"rendered":"<p>Na postojanje problema u katastru, uklju\u010duju\u0107i na\u010din rada, organizaciju i strukturu zaposlenih, ukazuju i aktivisti i novinari. Fokus.ba<\/p>\n","protected":false},"author":1,"featured_media":31963,"comment_status":"open","ping_status":"open","sticky":false,"template":"","format":"standard","meta":{"_siteseo_robots_primary_cat":"","footnotes":""},"categories":[],"tags":[],"class_list":["post-31962","post","type-post","status-publish","format-standard","has-post-thumbnail"],"_links":{"self":[{"href":"https:\/\/modusportal.ba\/mojevijesti\/wp-json\/wp\/v2\/posts\/31962","targetHints":{"allow":["GET"]}}],"collection":[{"href":"https:\/\/modusportal.ba\/mojevijesti\/wp-json\/wp\/v2\/posts"}],"about":[{"href":"https:\/\/modusportal.ba\/mojevijesti\/wp-json\/wp\/v2\/types\/post"}],"author":[{"embeddable":true,"href":"https:\/\/modusportal.ba\/mojevijesti\/wp-json\/wp\/v2\/users\/1"}],"replies":[{"embeddable":true,"href":"https:\/\/modusportal.ba\/mojevijesti\/wp-json\/wp\/v2\/comments?post=31962"}],"version-history":[{"count":0,"href":"https:\/\/modusportal.ba\/mojevijesti\/wp-json\/wp\/v2\/posts\/31962\/revisions"}],"wp:featuredmedia":[{"embeddable":true,"href":"https:\/\/modusportal.ba\/mojevijesti\/wp-json\/wp\/v2\/media\/31963"}],"wp:attachment":[{"href":"https:\/\/modusportal.ba\/mojevijesti\/wp-json\/wp\/v2\/media?parent=31962"}],"wp:term":[{"taxonomy":"category","embeddable":true,"href":"https:\/\/modusportal.ba\/mojevijesti\/wp-json\/wp\/v2\/categories?post=31962"},{"taxonomy":"post_tag","embeddable":true,"href":"https:\/\/modusportal.ba\/mojevijesti\/wp-json\/wp\/v2\/tags?post=31962"}],"curies":[{"name":"wp","href":"https:\/\/api.w.org\/{rel}","templated":true}]}}