{"id":31966,"date":"2026-04-23T11:50:58","date_gmt":"2026-04-23T11:50:58","guid":{"rendered":"https:\/\/modusportal.ba\/mojevijesti\/2026\/04\/23\/stanivukovic-najavio-tramvaj-bez-sina-i-otkrio-njegovu-cijenu\/"},"modified":"2026-04-23T11:50:58","modified_gmt":"2026-04-23T11:50:58","slug":"stanivukovic-najavio-tramvaj-bez-sina-i-otkrio-njegovu-cijenu","status":"publish","type":"post","link":"https:\/\/modusportal.ba\/mojevijesti\/2026\/04\/23\/stanivukovic-najavio-tramvaj-bez-sina-i-otkrio-njegovu-cijenu\/","title":{"rendered":"Stanivukovi\u0107 najavio \u201ctramvaj bez \u0161ina\u201d i otkrio njegovu cijenu"},"content":{"rendered":"<p><\/p>\n<p><img loading=\"lazy\" decoding=\"async\" loading=\"lazy\" width=\"1024\" height=\"538\" src=\"https:\/\/cdn.fokus.ba\/wp-content\/uploads\/2026\/04\/drasko-stanivukovic-3-1024x538.jpg\" class=\"attachment-large size-large wp-post-image\" alt=\"dra\u0161ko stanivukovi\u0107\"><\/p>\n<p>Stanivukovi\u0107 najavio tramvaj bez \u0161ina u Banjaluci i pove\u0107anje subvencija za vrti\u0107e, studente i porodice<\/p>\n<p><a href=\"https:\/\/www.fokus.ba\/vijesti\/bih\/stanivukovic-najavio-tramvaj-bez-sina-i-otkrio-njegovu-cijenu\/3543511\/\">Fokus.ba <\/a><\/p>\n","protected":false},"excerpt":{"rendered":"<p>Stanivukovi\u0107 najavio tramvaj bez \u0161ina u Banjaluci i pove\u0107anje subvencija za vrti\u0107e, studente i porodice Fokus.ba<\/p>\n","protected":false},"author":1,"featured_media":31967,"comment_status":"open","ping_status":"open","sticky":false,"template":"","format":"standard","meta":{"_siteseo_robots_primary_cat":"","footnotes":""},"categories":[],"tags":[],"class_list":["post-31966","post","type-post","status-publish","format-standard","has-post-thumbnail"],"_links":{"self":[{"href":"https:\/\/modusportal.ba\/mojevijesti\/wp-json\/wp\/v2\/posts\/31966","targetHints":{"allow":["GET"]}}],"collection":[{"href":"https:\/\/modusportal.ba\/mojevijesti\/wp-json\/wp\/v2\/posts"}],"about":[{"href":"https:\/\/modusportal.ba\/mojevijesti\/wp-json\/wp\/v2\/types\/post"}],"author":[{"embeddable":true,"href":"https:\/\/modusportal.ba\/mojevijesti\/wp-json\/wp\/v2\/users\/1"}],"replies":[{"embeddable":true,"href":"https:\/\/modusportal.ba\/mojevijesti\/wp-json\/wp\/v2\/comments?post=31966"}],"version-history":[{"count":0,"href":"https:\/\/modusportal.ba\/mojevijesti\/wp-json\/wp\/v2\/posts\/31966\/revisions"}],"wp:featuredmedia":[{"embeddable":true,"href":"https:\/\/modusportal.ba\/mojevijesti\/wp-json\/wp\/v2\/media\/31967"}],"wp:attachment":[{"href":"https:\/\/modusportal.ba\/mojevijesti\/wp-json\/wp\/v2\/media?parent=31966"}],"wp:term":[{"taxonomy":"category","embeddable":true,"href":"https:\/\/modusportal.ba\/mojevijesti\/wp-json\/wp\/v2\/categories?post=31966"},{"taxonomy":"post_tag","embeddable":true,"href":"https:\/\/modusportal.ba\/mojevijesti\/wp-json\/wp\/v2\/tags?post=31966"}],"curies":[{"name":"wp","href":"https:\/\/api.w.org\/{rel}","templated":true}]}}