{"id":31974,"date":"2026-04-24T12:07:30","date_gmt":"2026-04-24T12:07:30","guid":{"rendered":"https:\/\/modusportal.ba\/mojevijesti\/2026\/04\/24\/inspektora-fup-a-djeca-se-vrbuju-putem-mreza-dojave-o-bombama-salju-za-sitan-novac\/"},"modified":"2026-04-24T12:07:30","modified_gmt":"2026-04-24T12:07:30","slug":"inspektora-fup-a-djeca-se-vrbuju-putem-mreza-dojave-o-bombama-salju-za-sitan-novac","status":"publish","type":"post","link":"https:\/\/modusportal.ba\/mojevijesti\/2026\/04\/24\/inspektora-fup-a-djeca-se-vrbuju-putem-mreza-dojave-o-bombama-salju-za-sitan-novac\/","title":{"rendered":"Inspektora FUP-a: Djeca se vrbuju putem mre\u017ea, dojave o bombama \u0161alju za sitan novac"},"content":{"rendered":"<p><\/p>\n<p><img loading=\"lazy\" decoding=\"async\" loading=\"lazy\" width=\"1024\" height=\"538\" src=\"https:\/\/cdn.fokus.ba\/wp-content\/uploads\/2024\/11\/dojava-o-bombi-policija-mupks-1024x538.jpg\" class=\"attachment-large size-large wp-post-image\" alt=\"dojava o bombi policija mupks\"><\/p>\n<p>Nakon nove dojave o la\u017enoj bombi na Me\u0111unarodnom aerodromu u Sarajevu, koja je izazvala zastoje i dodatne sigurnosne procedure, inspektor Federalne uprave policije (FUP) Sa\u0161a Petrovi\u0107 upozorio je da se radi o \u0161irem regionalnom problemu koji uklju\u010duje i susjedne zemlje. Zajedni\u010dki obrazac i digitalni tragovi Petrovi\u0107 isti\u010de da su dojave koje su poga\u0111ale Bosnu i [\u2026]<\/p>\n<p><a href=\"https:\/\/www.fokus.ba\/vijesti\/bih\/inspektora-fup-a-djeca-se-vrbuju-putem-mreza-dojave-o-bombama-salju-za-sitan-novac\/3543728\/\">Fokus.ba <\/a><\/p>\n","protected":false},"excerpt":{"rendered":"<p>Nakon nove dojave o la\u017enoj bombi na Me\u0111unarodnom aerodromu u Sarajevu, koja je izazvala zastoje i dodatne sigurnosne procedure, inspektor Federalne uprave policije (FUP) Sa\u0161a Petrovi\u0107 upozorio je da se radi o \u0161irem regionalnom problemu koji uklju\u010duje i susjedne zemlje. Zajedni\u010dki obrazac i digitalni tragovi Petrovi\u0107 isti\u010de da su dojave koje su poga\u0111ale Bosnu i [&hellip;]<\/p>\n","protected":false},"author":1,"featured_media":31975,"comment_status":"open","ping_status":"open","sticky":false,"template":"","format":"standard","meta":{"_siteseo_robots_primary_cat":"","footnotes":""},"categories":[],"tags":[],"class_list":["post-31974","post","type-post","status-publish","format-standard","has-post-thumbnail"],"_links":{"self":[{"href":"https:\/\/modusportal.ba\/mojevijesti\/wp-json\/wp\/v2\/posts\/31974","targetHints":{"allow":["GET"]}}],"collection":[{"href":"https:\/\/modusportal.ba\/mojevijesti\/wp-json\/wp\/v2\/posts"}],"about":[{"href":"https:\/\/modusportal.ba\/mojevijesti\/wp-json\/wp\/v2\/types\/post"}],"author":[{"embeddable":true,"href":"https:\/\/modusportal.ba\/mojevijesti\/wp-json\/wp\/v2\/users\/1"}],"replies":[{"embeddable":true,"href":"https:\/\/modusportal.ba\/mojevijesti\/wp-json\/wp\/v2\/comments?post=31974"}],"version-history":[{"count":0,"href":"https:\/\/modusportal.ba\/mojevijesti\/wp-json\/wp\/v2\/posts\/31974\/revisions"}],"wp:featuredmedia":[{"embeddable":true,"href":"https:\/\/modusportal.ba\/mojevijesti\/wp-json\/wp\/v2\/media\/31975"}],"wp:attachment":[{"href":"https:\/\/modusportal.ba\/mojevijesti\/wp-json\/wp\/v2\/media?parent=31974"}],"wp:term":[{"taxonomy":"category","embeddable":true,"href":"https:\/\/modusportal.ba\/mojevijesti\/wp-json\/wp\/v2\/categories?post=31974"},{"taxonomy":"post_tag","embeddable":true,"href":"https:\/\/modusportal.ba\/mojevijesti\/wp-json\/wp\/v2\/tags?post=31974"}],"curies":[{"name":"wp","href":"https:\/\/api.w.org\/{rel}","templated":true}]}}