{"id":31976,"date":"2026-04-24T18:08:57","date_gmt":"2026-04-24T18:08:57","guid":{"rendered":"https:\/\/modusportal.ba\/mojevijesti\/2026\/04\/24\/za-vikend-do-28-a-onda-preokret-temperatura-pada-na-2\/"},"modified":"2026-04-24T18:08:57","modified_gmt":"2026-04-24T18:08:57","slug":"za-vikend-do-28-a-onda-preokret-temperatura-pada-na-2","status":"publish","type":"post","link":"https:\/\/modusportal.ba\/mojevijesti\/2026\/04\/24\/za-vikend-do-28-a-onda-preokret-temperatura-pada-na-2\/","title":{"rendered":"Za vikend do +28, a onda preokret: Temperatura pada na -2"},"content":{"rendered":"<p><\/p>\n<p><img loading=\"lazy\" decoding=\"async\" loading=\"lazy\" width=\"1024\" height=\"538\" src=\"https:\/\/cdn.fokus.ba\/wp-content\/uploads\/2026\/04\/mraz-inje-1024x538.jpg\" class=\"attachment-large size-large wp-post-image\" alt=\"Vremenska prognoza\"><\/p>\n<p>Meteorolozi saop\u0161tili su da \u0107e do 29. aprila o\u010dekivane temperature vazduha biti u granicama uobi\u010dajenih za ovaj period godine<\/p>\n<p><a href=\"https:\/\/www.fokus.ba\/vijesti\/bih\/za-vikend-do-28-a-onda-preokret-temperatura-pada-na-2\/3543797\/\">Fokus.ba <\/a><\/p>\n","protected":false},"excerpt":{"rendered":"<p>Meteorolozi saop\u0161tili su da \u0107e do 29. aprila o\u010dekivane temperature vazduha biti u granicama uobi\u010dajenih za ovaj period godine Fokus.ba<\/p>\n","protected":false},"author":1,"featured_media":31977,"comment_status":"open","ping_status":"open","sticky":false,"template":"","format":"standard","meta":{"_siteseo_robots_primary_cat":"","footnotes":""},"categories":[],"tags":[],"class_list":["post-31976","post","type-post","status-publish","format-standard","has-post-thumbnail"],"_links":{"self":[{"href":"https:\/\/modusportal.ba\/mojevijesti\/wp-json\/wp\/v2\/posts\/31976","targetHints":{"allow":["GET"]}}],"collection":[{"href":"https:\/\/modusportal.ba\/mojevijesti\/wp-json\/wp\/v2\/posts"}],"about":[{"href":"https:\/\/modusportal.ba\/mojevijesti\/wp-json\/wp\/v2\/types\/post"}],"author":[{"embeddable":true,"href":"https:\/\/modusportal.ba\/mojevijesti\/wp-json\/wp\/v2\/users\/1"}],"replies":[{"embeddable":true,"href":"https:\/\/modusportal.ba\/mojevijesti\/wp-json\/wp\/v2\/comments?post=31976"}],"version-history":[{"count":0,"href":"https:\/\/modusportal.ba\/mojevijesti\/wp-json\/wp\/v2\/posts\/31976\/revisions"}],"wp:featuredmedia":[{"embeddable":true,"href":"https:\/\/modusportal.ba\/mojevijesti\/wp-json\/wp\/v2\/media\/31977"}],"wp:attachment":[{"href":"https:\/\/modusportal.ba\/mojevijesti\/wp-json\/wp\/v2\/media?parent=31976"}],"wp:term":[{"taxonomy":"category","embeddable":true,"href":"https:\/\/modusportal.ba\/mojevijesti\/wp-json\/wp\/v2\/categories?post=31976"},{"taxonomy":"post_tag","embeddable":true,"href":"https:\/\/modusportal.ba\/mojevijesti\/wp-json\/wp\/v2\/tags?post=31976"}],"curies":[{"name":"wp","href":"https:\/\/api.w.org\/{rel}","templated":true}]}}