{"id":31996,"date":"2026-04-27T06:34:31","date_gmt":"2026-04-27T06:34:31","guid":{"rendered":"https:\/\/modusportal.ba\/mojevijesti\/2026\/04\/27\/zaslanjenost-voda-u-dolini-neretve-jos-nije-kriticna-ali-zahtijeva-oprez\/"},"modified":"2026-04-27T06:34:31","modified_gmt":"2026-04-27T06:34:31","slug":"zaslanjenost-voda-u-dolini-neretve-jos-nije-kriticna-ali-zahtijeva-oprez","status":"publish","type":"post","link":"https:\/\/modusportal.ba\/mojevijesti\/2026\/04\/27\/zaslanjenost-voda-u-dolini-neretve-jos-nije-kriticna-ali-zahtijeva-oprez\/","title":{"rendered":"Zaslanjenost voda u dolini Neretve jo\u0161 nije kriti\u010dna, ali zahtijeva oprez"},"content":{"rendered":"<p><\/p>\n<p><img loading=\"lazy\" decoding=\"async\" loading=\"lazy\" width=\"1024\" height=\"538\" src=\"https:\/\/cdn.fokus.ba\/wp-content\/uploads\/2026\/04\/nesretva-zasoljenost-1024x538.webp\" class=\"attachment-large size-large wp-post-image\" alt=\"Zaslanjenost voda u dolini Neretve jo\u0161 nije kriti\u010dna\"><\/p>\n<p>Stani\u0107-Ko\u0161troman navodi kako zaslanjenost voda za navodnjavanje u bh. dijelu doline Neretve u ve\u0107ini slu\u010dajeva jo\u0161 nije kriti\u010dna, ali pojedine lokacije ve\u0107 zahtijevaju oprez<\/p>\n<p><a href=\"https:\/\/www.fokus.ba\/vijesti\/bih\/zaslanjenost-voda-u-dolini-neretve-jos-nije-kriticna-ali-zahtijeva-oprez\/3544085\/\">Fokus.ba <\/a><\/p>\n","protected":false},"excerpt":{"rendered":"<p>Stani\u0107-Ko\u0161troman navodi kako zaslanjenost voda za navodnjavanje u bh. dijelu doline Neretve u ve\u0107ini slu\u010dajeva jo\u0161 nije kriti\u010dna, ali pojedine lokacije ve\u0107 zahtijevaju oprez Fokus.ba<\/p>\n","protected":false},"author":1,"featured_media":31997,"comment_status":"open","ping_status":"open","sticky":false,"template":"","format":"standard","meta":{"_siteseo_robots_primary_cat":"","footnotes":""},"categories":[],"tags":[],"class_list":["post-31996","post","type-post","status-publish","format-standard","has-post-thumbnail"],"_links":{"self":[{"href":"https:\/\/modusportal.ba\/mojevijesti\/wp-json\/wp\/v2\/posts\/31996","targetHints":{"allow":["GET"]}}],"collection":[{"href":"https:\/\/modusportal.ba\/mojevijesti\/wp-json\/wp\/v2\/posts"}],"about":[{"href":"https:\/\/modusportal.ba\/mojevijesti\/wp-json\/wp\/v2\/types\/post"}],"author":[{"embeddable":true,"href":"https:\/\/modusportal.ba\/mojevijesti\/wp-json\/wp\/v2\/users\/1"}],"replies":[{"embeddable":true,"href":"https:\/\/modusportal.ba\/mojevijesti\/wp-json\/wp\/v2\/comments?post=31996"}],"version-history":[{"count":0,"href":"https:\/\/modusportal.ba\/mojevijesti\/wp-json\/wp\/v2\/posts\/31996\/revisions"}],"wp:featuredmedia":[{"embeddable":true,"href":"https:\/\/modusportal.ba\/mojevijesti\/wp-json\/wp\/v2\/media\/31997"}],"wp:attachment":[{"href":"https:\/\/modusportal.ba\/mojevijesti\/wp-json\/wp\/v2\/media?parent=31996"}],"wp:term":[{"taxonomy":"category","embeddable":true,"href":"https:\/\/modusportal.ba\/mojevijesti\/wp-json\/wp\/v2\/categories?post=31996"},{"taxonomy":"post_tag","embeddable":true,"href":"https:\/\/modusportal.ba\/mojevijesti\/wp-json\/wp\/v2\/tags?post=31996"}],"curies":[{"name":"wp","href":"https:\/\/api.w.org\/{rel}","templated":true}]}}