{"id":31998,"date":"2026-04-27T12:36:48","date_gmt":"2026-04-27T12:36:48","guid":{"rendered":"https:\/\/modusportal.ba\/mojevijesti\/2026\/04\/27\/samo-u-bih-zastupnik-zelio-uci-na-sjednicu-opcinskog-vijeca-pa-zavrsio-u-potkosulji\/"},"modified":"2026-04-27T12:36:48","modified_gmt":"2026-04-27T12:36:48","slug":"samo-u-bih-zastupnik-zelio-uci-na-sjednicu-opcinskog-vijeca-pa-zavrsio-u-potkosulji","status":"publish","type":"post","link":"https:\/\/modusportal.ba\/mojevijesti\/2026\/04\/27\/samo-u-bih-zastupnik-zelio-uci-na-sjednicu-opcinskog-vijeca-pa-zavrsio-u-potkosulji\/","title":{"rendered":"Samo u BiH: Zastupnik \u017eelio u\u0107i na sjednicu Op\u0107inskog vije\u0107a, pa zavr\u0161io u potko\u0161ulji"},"content":{"rendered":"<p><\/p>\n<p><img loading=\"lazy\" decoding=\"async\" loading=\"lazy\" width=\"1024\" height=\"538\" src=\"https:\/\/cdn.fokus.ba\/wp-content\/uploads\/2026\/04\/bandic-grude-1024x538.webp\" class=\"attachment-large size-large wp-post-image\" alt=\"bandi\u0107 grude\"><\/p>\n<p>Bandi\u0107 je na sjednicu \u017eelio u\u0107i kao gost, \u0161to je, kako se navodi, ve\u0107 ranije \u010dinio u vi\u0161e navrata<\/p>\n<p><a href=\"https:\/\/www.fokus.ba\/vijesti\/bih\/samo-u-bih-zastupnik-zelio-na-sjednicu-opcinskog-vijeca-pa-zavrsio-u-potkosulji\/3544206\/\">Fokus.ba <\/a><\/p>\n","protected":false},"excerpt":{"rendered":"<p>Bandi\u0107 je na sjednicu \u017eelio u\u0107i kao gost, \u0161to je, kako se navodi, ve\u0107 ranije \u010dinio u vi\u0161e navrata Fokus.ba<\/p>\n","protected":false},"author":1,"featured_media":31999,"comment_status":"open","ping_status":"open","sticky":false,"template":"","format":"standard","meta":{"_siteseo_robots_primary_cat":"","footnotes":""},"categories":[],"tags":[],"class_list":["post-31998","post","type-post","status-publish","format-standard","has-post-thumbnail"],"_links":{"self":[{"href":"https:\/\/modusportal.ba\/mojevijesti\/wp-json\/wp\/v2\/posts\/31998","targetHints":{"allow":["GET"]}}],"collection":[{"href":"https:\/\/modusportal.ba\/mojevijesti\/wp-json\/wp\/v2\/posts"}],"about":[{"href":"https:\/\/modusportal.ba\/mojevijesti\/wp-json\/wp\/v2\/types\/post"}],"author":[{"embeddable":true,"href":"https:\/\/modusportal.ba\/mojevijesti\/wp-json\/wp\/v2\/users\/1"}],"replies":[{"embeddable":true,"href":"https:\/\/modusportal.ba\/mojevijesti\/wp-json\/wp\/v2\/comments?post=31998"}],"version-history":[{"count":0,"href":"https:\/\/modusportal.ba\/mojevijesti\/wp-json\/wp\/v2\/posts\/31998\/revisions"}],"wp:featuredmedia":[{"embeddable":true,"href":"https:\/\/modusportal.ba\/mojevijesti\/wp-json\/wp\/v2\/media\/31999"}],"wp:attachment":[{"href":"https:\/\/modusportal.ba\/mojevijesti\/wp-json\/wp\/v2\/media?parent=31998"}],"wp:term":[{"taxonomy":"category","embeddable":true,"href":"https:\/\/modusportal.ba\/mojevijesti\/wp-json\/wp\/v2\/categories?post=31998"},{"taxonomy":"post_tag","embeddable":true,"href":"https:\/\/modusportal.ba\/mojevijesti\/wp-json\/wp\/v2\/tags?post=31998"}],"curies":[{"name":"wp","href":"https:\/\/api.w.org\/{rel}","templated":true}]}}