{"id":32002,"date":"2026-04-28T00:44:19","date_gmt":"2026-04-28T00:44:19","guid":{"rendered":"https:\/\/modusportal.ba\/mojevijesti\/2026\/04\/28\/bih-i-hrvatska-usaglasile-sporazum-o-juznoj-interkonekciji-potpisivanje-u-dubrovniku\/"},"modified":"2026-04-28T00:44:19","modified_gmt":"2026-04-28T00:44:19","slug":"bih-i-hrvatska-usaglasile-sporazum-o-juznoj-interkonekciji-potpisivanje-u-dubrovniku","status":"publish","type":"post","link":"https:\/\/modusportal.ba\/mojevijesti\/2026\/04\/28\/bih-i-hrvatska-usaglasile-sporazum-o-juznoj-interkonekciji-potpisivanje-u-dubrovniku\/","title":{"rendered":"BiH i Hrvatska usaglasile sporazum o Ju\u017enoj interkonekciji, potpisivanje u Dubrovniku"},"content":{"rendered":"<p><\/p>\n<p><img loading=\"lazy\" decoding=\"async\" loading=\"lazy\" width=\"1024\" height=\"538\" src=\"https:\/\/cdn.fokus.ba\/wp-content\/uploads\/2026\/04\/plenkovic-kristo-1024x538.webp\" class=\"attachment-large size-large wp-post-image\" alt=\"plenkovi\u0107 kri\u0161to\"><\/p>\n<p>BiH i Hrvatska usaglasile su sporazum o Ju\u017enoj interkonekciji koji \u0107e biti potpisan u Dubrovniku, otvaraju\u0107i put velikom energetskom projektu<\/p>\n<p><a href=\"https:\/\/www.fokus.ba\/vijesti\/bih\/bih-i-hrvatska-usaglasile-sporazum-o-juznoj-interkonekciji-potpisivanje-u-dubrovniku\/3544289\/\">Fokus.ba <\/a><\/p>\n","protected":false},"excerpt":{"rendered":"<p>BiH i Hrvatska usaglasile su sporazum o Ju\u017enoj interkonekciji koji \u0107e biti potpisan u Dubrovniku, otvaraju\u0107i put velikom energetskom projektu Fokus.ba<\/p>\n","protected":false},"author":1,"featured_media":32003,"comment_status":"open","ping_status":"open","sticky":false,"template":"","format":"standard","meta":{"_siteseo_robots_primary_cat":"","footnotes":""},"categories":[],"tags":[],"class_list":["post-32002","post","type-post","status-publish","format-standard","has-post-thumbnail"],"_links":{"self":[{"href":"https:\/\/modusportal.ba\/mojevijesti\/wp-json\/wp\/v2\/posts\/32002","targetHints":{"allow":["GET"]}}],"collection":[{"href":"https:\/\/modusportal.ba\/mojevijesti\/wp-json\/wp\/v2\/posts"}],"about":[{"href":"https:\/\/modusportal.ba\/mojevijesti\/wp-json\/wp\/v2\/types\/post"}],"author":[{"embeddable":true,"href":"https:\/\/modusportal.ba\/mojevijesti\/wp-json\/wp\/v2\/users\/1"}],"replies":[{"embeddable":true,"href":"https:\/\/modusportal.ba\/mojevijesti\/wp-json\/wp\/v2\/comments?post=32002"}],"version-history":[{"count":0,"href":"https:\/\/modusportal.ba\/mojevijesti\/wp-json\/wp\/v2\/posts\/32002\/revisions"}],"wp:featuredmedia":[{"embeddable":true,"href":"https:\/\/modusportal.ba\/mojevijesti\/wp-json\/wp\/v2\/media\/32003"}],"wp:attachment":[{"href":"https:\/\/modusportal.ba\/mojevijesti\/wp-json\/wp\/v2\/media?parent=32002"}],"wp:term":[{"taxonomy":"category","embeddable":true,"href":"https:\/\/modusportal.ba\/mojevijesti\/wp-json\/wp\/v2\/categories?post=32002"},{"taxonomy":"post_tag","embeddable":true,"href":"https:\/\/modusportal.ba\/mojevijesti\/wp-json\/wp\/v2\/tags?post=32002"}],"curies":[{"name":"wp","href":"https:\/\/api.w.org\/{rel}","templated":true}]}}