{"id":32010,"date":"2026-04-29T00:58:51","date_gmt":"2026-04-29T00:58:51","guid":{"rendered":"https:\/\/modusportal.ba\/mojevijesti\/2026\/04\/29\/mural-slobodanu-praljku-vracen-odmah-nakon-sto-je-uklonjen\/"},"modified":"2026-04-29T00:58:51","modified_gmt":"2026-04-29T00:58:51","slug":"mural-slobodanu-praljku-vracen-odmah-nakon-sto-je-uklonjen","status":"publish","type":"post","link":"https:\/\/modusportal.ba\/mojevijesti\/2026\/04\/29\/mural-slobodanu-praljku-vracen-odmah-nakon-sto-je-uklonjen\/","title":{"rendered":"Mural Slobodanu Praljku vra\u0107en odmah nakon \u0161to je uklonjen"},"content":{"rendered":"<p><\/p>\n<p><img loading=\"lazy\" decoding=\"async\" loading=\"lazy\" width=\"1024\" height=\"538\" src=\"https:\/\/cdn.fokus.ba\/wp-content\/uploads\/2026\/04\/mural-praljak-1024x538.jpg\" class=\"attachment-large size-large wp-post-image\" alt=\"\"><\/p>\n<p>Zastupnik Kajan je podnio nekoliko krivi\u010dnih prijava Dr\u017eavnom tu\u017eila\u0161tvu i zbog murala presu\u0111enom ratnom zlo\u010dincu<\/p>\n<p><a href=\"https:\/\/www.fokus.ba\/vijesti\/bih\/mural-slobodanu-praljku-vracen-odmah-nakon-sto-je-uklonjen\/3544568\/\">Fokus.ba <\/a><\/p>\n","protected":false},"excerpt":{"rendered":"<p>Zastupnik Kajan je podnio nekoliko krivi\u010dnih prijava Dr\u017eavnom tu\u017eila\u0161tvu i zbog murala presu\u0111enom ratnom zlo\u010dincu Fokus.ba<\/p>\n","protected":false},"author":1,"featured_media":32011,"comment_status":"open","ping_status":"open","sticky":false,"template":"","format":"standard","meta":{"_siteseo_robots_primary_cat":"","footnotes":""},"categories":[],"tags":[],"class_list":["post-32010","post","type-post","status-publish","format-standard","has-post-thumbnail"],"_links":{"self":[{"href":"https:\/\/modusportal.ba\/mojevijesti\/wp-json\/wp\/v2\/posts\/32010","targetHints":{"allow":["GET"]}}],"collection":[{"href":"https:\/\/modusportal.ba\/mojevijesti\/wp-json\/wp\/v2\/posts"}],"about":[{"href":"https:\/\/modusportal.ba\/mojevijesti\/wp-json\/wp\/v2\/types\/post"}],"author":[{"embeddable":true,"href":"https:\/\/modusportal.ba\/mojevijesti\/wp-json\/wp\/v2\/users\/1"}],"replies":[{"embeddable":true,"href":"https:\/\/modusportal.ba\/mojevijesti\/wp-json\/wp\/v2\/comments?post=32010"}],"version-history":[{"count":0,"href":"https:\/\/modusportal.ba\/mojevijesti\/wp-json\/wp\/v2\/posts\/32010\/revisions"}],"wp:featuredmedia":[{"embeddable":true,"href":"https:\/\/modusportal.ba\/mojevijesti\/wp-json\/wp\/v2\/media\/32011"}],"wp:attachment":[{"href":"https:\/\/modusportal.ba\/mojevijesti\/wp-json\/wp\/v2\/media?parent=32010"}],"wp:term":[{"taxonomy":"category","embeddable":true,"href":"https:\/\/modusportal.ba\/mojevijesti\/wp-json\/wp\/v2\/categories?post=32010"},{"taxonomy":"post_tag","embeddable":true,"href":"https:\/\/modusportal.ba\/mojevijesti\/wp-json\/wp\/v2\/tags?post=32010"}],"curies":[{"name":"wp","href":"https:\/\/api.w.org\/{rel}","templated":true}]}}