{"id":32041,"date":"2026-05-03T02:26:18","date_gmt":"2026-05-03T02:26:18","guid":{"rendered":"https:\/\/modusportal.ba\/mojevijesti\/2026\/05\/03\/milicevic-sds-ce-imati-kandidata-za-predsjednika-rs\/"},"modified":"2026-05-03T02:26:18","modified_gmt":"2026-05-03T02:26:18","slug":"milicevic-sds-ce-imati-kandidata-za-predsjednika-rs","status":"publish","type":"post","link":"https:\/\/modusportal.ba\/mojevijesti\/2026\/05\/03\/milicevic-sds-ce-imati-kandidata-za-predsjednika-rs\/","title":{"rendered":"Mili\u010devi\u0107: SDS \u0107e imati kandidata za predsjednika RS"},"content":{"rendered":"<p><\/p>\n<p><img loading=\"lazy\" decoding=\"async\" loading=\"lazy\" width=\"1024\" height=\"538\" src=\"https:\/\/cdn.fokus.ba\/wp-content\/uploads\/2025\/07\/milan-milicevic-1024x538.jpg\" class=\"attachment-large size-large wp-post-image\" alt=\"milan mili\u010devi\u0107\"><\/p>\n<p>Milan Mili\u010devi\u0107 poru\u010dio da \u0107e SDS imati kandidata za predsjednika Republike Srpske uz podr\u0161ku strana\u010dkog \u010dlanstva<\/p>\n<p><a href=\"https:\/\/www.fokus.ba\/vijesti\/bih\/milicevic-sds-ce-imati-kandidata-za-predsjednika-rs\/3545199\/\">Fokus.ba <\/a><\/p>\n","protected":false},"excerpt":{"rendered":"<p>Milan Mili\u010devi\u0107 poru\u010dio da \u0107e SDS imati kandidata za predsjednika Republike Srpske uz podr\u0161ku strana\u010dkog \u010dlanstva Fokus.ba<\/p>\n","protected":false},"author":1,"featured_media":32042,"comment_status":"open","ping_status":"open","sticky":false,"template":"","format":"standard","meta":{"_siteseo_robots_primary_cat":"","footnotes":""},"categories":[],"tags":[],"class_list":["post-32041","post","type-post","status-publish","format-standard","has-post-thumbnail"],"_links":{"self":[{"href":"https:\/\/modusportal.ba\/mojevijesti\/wp-json\/wp\/v2\/posts\/32041","targetHints":{"allow":["GET"]}}],"collection":[{"href":"https:\/\/modusportal.ba\/mojevijesti\/wp-json\/wp\/v2\/posts"}],"about":[{"href":"https:\/\/modusportal.ba\/mojevijesti\/wp-json\/wp\/v2\/types\/post"}],"author":[{"embeddable":true,"href":"https:\/\/modusportal.ba\/mojevijesti\/wp-json\/wp\/v2\/users\/1"}],"replies":[{"embeddable":true,"href":"https:\/\/modusportal.ba\/mojevijesti\/wp-json\/wp\/v2\/comments?post=32041"}],"version-history":[{"count":0,"href":"https:\/\/modusportal.ba\/mojevijesti\/wp-json\/wp\/v2\/posts\/32041\/revisions"}],"wp:featuredmedia":[{"embeddable":true,"href":"https:\/\/modusportal.ba\/mojevijesti\/wp-json\/wp\/v2\/media\/32042"}],"wp:attachment":[{"href":"https:\/\/modusportal.ba\/mojevijesti\/wp-json\/wp\/v2\/media?parent=32041"}],"wp:term":[{"taxonomy":"category","embeddable":true,"href":"https:\/\/modusportal.ba\/mojevijesti\/wp-json\/wp\/v2\/categories?post=32041"},{"taxonomy":"post_tag","embeddable":true,"href":"https:\/\/modusportal.ba\/mojevijesti\/wp-json\/wp\/v2\/tags?post=32041"}],"curies":[{"name":"wp","href":"https:\/\/api.w.org\/{rel}","templated":true}]}}